{"id":186,"date":"2026-02-21T11:54:35","date_gmt":"2026-02-21T11:54:35","guid":{"rendered":"https:\/\/caadi.ca\/?p=186"},"modified":"2026-04-27T03:17:50","modified_gmt":"2026-04-27T03:17:50","slug":"election-du-premier-conseil-dadministration","status":"publish","type":"post","link":"https:\/\/caadi.ca\/en\/election-du-premier-conseil-dadministration\/","title":{"rendered":"\u00c9lection du premier conseil d&rsquo;administration"},"content":{"rendered":"<h2 class=\"wp-block-heading\">Gatineau Ensemble \u00e9lit son premier conseil d\u2019administration<\/h2>\n\n\n\n<p><strong>Gatineau, le 21 f\u00e9vrier 2026<\/strong>&nbsp;\u2014 Gatineau Ensemble franchit une \u00e9tape importante de son d\u00e9veloppement. Lors de sa toute premi\u00e8re assembl\u00e9e g\u00e9n\u00e9rale annuelle, tenue r\u00e9cemment, les membres ont proc\u00e9d\u00e9 \u00e0 l\u2019\u00e9lection du premier conseil d\u2019administration de l\u2019histoire du parti.<\/p>\n\n\n\n<p>Les personnes \u00e9lues sont :<\/p>\n\n\n\n<p><strong>\u2022 Julie Collard<\/strong><\/p>\n\n\n\n<p><strong>\u2022 Michel D\u00e9ziel<\/strong><\/p>\n\n\n\n<p><strong>\u2022 Guillaume Gaboury<\/strong><\/p>\n\n\n\n<p><strong>\u2022 Daniel Kanku Lobo<\/strong><\/p>\n\n\n\n<p><strong>\u2022 Marie-Pier Lacroix<\/strong><\/p>\n\n\n\n<p><strong>\u2022 Benoit Poliquin<\/strong><\/p>\n\n\n\n<p><strong>\u2022 Sylvain Tremblay<\/strong><\/p>\n\n\n\n<p>La mise en place de ce premier conseil d\u2019administration marque un jalon structurant pour Gatineau Ensemble, qui poursuit son organisation interne et la mobilisation de ses membres \u00e0 travers la ville.<\/p>\n\n\n\n<p>D\u00e8s lundi, une nouvelle \u00e9tape s\u2019ouvrira pour les membres qui souhaitent s\u2019impliquer davantage. Le processus de mise en candidature pour les comit\u00e9s du parti sera officiellement lanc\u00e9, et l\u2019ensemble des d\u00e9tails sera rendu public au cours de la journ\u00e9e.<\/p>\n\n\n\n<p>Gatineau Ensemble remercie chaleureusement toutes les membres qui contribuent activement \u00e0 faire grandir le parti.<\/p>\n\n\n\n<p>\u2013 30 \u2013<\/p>\n\n\n\n<p>Renseignements :<br>Gatineau Ensemble<br><a>info@gatineauensemble.ca<\/a><br>819-743-5713<\/p>","protected":false},"excerpt":{"rendered":"<p>Gatineau Ensemble \u00e9lit son premier conseil d\u2019administration Gatineau, le 21 f\u00e9vrier 2026&nbsp;\u2014 Gatineau Ensemble franchit une \u00e9tape importante de son d\u00e9veloppement. Lors de sa toute premi\u00e8re assembl\u00e9e g\u00e9n\u00e9rale annuelle, tenue r\u00e9cemment, les membres ont proc\u00e9d\u00e9 \u00e0 l\u2019\u00e9lection du premier conseil d\u2019administration de l\u2019histoire du parti. Les personnes \u00e9lues sont : \u2022 Julie Collard \u2022 Michel [&hellip;]<\/p>\n","protected":false},"author":1,"featured_media":281,"comment_status":"open","ping_status":"open","sticky":false,"template":"","format":"standard","meta":{"footnotes":""},"categories":[1],"tags":[],"class_list":["post-186","post","type-post","status-publish","format-standard","has-post-thumbnail","hentry","category-uncategorized"],"_links":{"self":[{"href":"https:\/\/caadi.ca\/en\/wp-json\/wp\/v2\/posts\/186","targetHints":{"allow":["GET"]}}],"collection":[{"href":"https:\/\/caadi.ca\/en\/wp-json\/wp\/v2\/posts"}],"about":[{"href":"https:\/\/caadi.ca\/en\/wp-json\/wp\/v2\/types\/post"}],"author":[{"embeddable":true,"href":"https:\/\/caadi.ca\/en\/wp-json\/wp\/v2\/users\/1"}],"replies":[{"embeddable":true,"href":"https:\/\/caadi.ca\/en\/wp-json\/wp\/v2\/comments?post=186"}],"version-history":[{"count":1,"href":"https:\/\/caadi.ca\/en\/wp-json\/wp\/v2\/posts\/186\/revisions"}],"predecessor-version":[{"id":187,"href":"https:\/\/caadi.ca\/en\/wp-json\/wp\/v2\/posts\/186\/revisions\/187"}],"wp:featuredmedia":[{"embeddable":true,"href":"https:\/\/caadi.ca\/en\/wp-json\/wp\/v2\/media\/281"}],"wp:attachment":[{"href":"https:\/\/caadi.ca\/en\/wp-json\/wp\/v2\/media?parent=186"}],"wp:term":[{"taxonomy":"category","embeddable":true,"href":"https:\/\/caadi.ca\/en\/wp-json\/wp\/v2\/categories?post=186"},{"taxonomy":"post_tag","embeddable":true,"href":"https:\/\/caadi.ca\/en\/wp-json\/wp\/v2\/tags?post=186"}],"curies":[{"name":"wp","href":"https:\/\/api.w.org\/{rel}","templated":true}]}}